[{"@context":"https:\/\/schema.org\/","@type":"Article","@id":"https:\/\/www.djuna.cz\/vite-ze-mate-narozeniny\/#Article","mainEntityOfPage":"https:\/\/www.djuna.cz\/vite-ze-mate-narozeniny\/","headline":"V\u00edte, \u017ee m\u00e1te narozeniny?","name":"V\u00edte, \u017ee m\u00e1te narozeniny?","description":"Gratulujeme V\u00e1m, m\u00e1te narozeniny a my V\u00e1m chceme splnit to nejtajn\u011bj\u0161\u00ed p\u0159\u00e1n\u00ed. Te\u010f jsme si zahr\u00e1li na mal\u00e9 \u010darod\u011bjky a u\u017e p\u0159esn\u011b v\u00edme, jakou tajnou tu\u017ebu si p\u0159ejete. M\u00e1me tedy pro v\u00e1s ten nejlep\u0161\u00ed a nejutajen\u011bj\u0161\u00ed d\u00e1re\u010dek. \u017de nem\u00e1te tu\u0161en\u00ed, co m\u00e1me na mysli? No p\u0159ece \u201ezmrzliny\u201c, to je to perfektn\u00ed p\u0159ekvapen\u00ed pro v\u00e1s. S...<p class=\"more-link-wrap\"><a href=\"https:\/\/www.djuna.cz\/vite-ze-mate-narozeniny\/\" class=\"more-link\">P\u0159e\u010d\u00edst<span class=\"screen-reader-text\"> &ldquo;V\u00edte, \u017ee m\u00e1te narozeniny?&rdquo;<\/span> &raquo;<\/a><\/p>","datePublished":"2024-11-21","dateModified":"2024-11-21","author":{"@type":"Person","@id":"https:\/\/www.djuna.cz\/author\/#Person","name":"","url":"https:\/\/www.djuna.cz\/author\/","identifier":1,"image":{"@type":"ImageObject","@id":"https:\/\/secure.gravatar.com\/avatar\/1e120f96477763896a9e7ab3663c076bf8b67ca32fa1a5943b70761da502a7a7?s=96&d=mm&r=g","url":"https:\/\/secure.gravatar.com\/avatar\/1e120f96477763896a9e7ab3663c076bf8b67ca32fa1a5943b70761da502a7a7?s=96&d=mm&r=g","height":96,"width":96}},"publisher":{"@type":"Organization","name":"djuna.cz","logo":{"@type":"ImageObject","@id":"\/logo.png","url":"\/logo.png","width":600,"height":60}},"url":"https:\/\/www.djuna.cz\/vite-ze-mate-narozeniny\/","wordCount":158,"articleBody":"Gratulujeme V\u00e1m, m\u00e1te narozeniny a my V\u00e1m chceme splnit to nejtajn\u011bj\u0161\u00ed p\u0159\u00e1n\u00ed. Te\u010f jsme si zahr\u00e1li na mal\u00e9 \u010darod\u011bjky a u\u017e p\u0159esn\u011b v\u00edme, jakou tajnou tu\u017ebu si p\u0159ejete. M\u00e1me tedy pro v\u00e1s ten nejlep\u0161\u00ed a nejutajen\u011bj\u0161\u00ed d\u00e1re\u010dek. \u017de nem\u00e1te tu\u0161en\u00ed, co m\u00e1me na mysli? No p\u0159ece \u201ezmrzliny\u201c, to je to perfektn\u00ed p\u0159ekvapen\u00ed pro v\u00e1s. S na\u0161\u00ed zmrzlinou za\u017eijete ty nejlep\u0161\u00ed narozeniny.Zmrzlinov\u00e9 na narozeninovou p\u00e1rtyP\u0159ipravujete narozeninovou oslavu a n\u011bco v\u00e1m tam na stole n\u011bco chyb\u00ed? V\u00edme, co pot\u0159ebujete. Na\u0161e zmrzlinaV\u00e1m zpest\u0159\u00ed a zp\u0159\u00edjemn\u00ed cel\u00fd ve\u010der. Dodejte va\u0161\u00ed p\u00e1rty jen to nejlep\u0161\u00ed. Bez zmrzliny se va\u0161e oslava neobejde. Nemus\u00edte u\u017e pou\u017e\u00edvat zmrzlinov\u00e9 kornouty. Zmrzlin, kter\u00e9 produkujeme,jsou vhodn\u00e9 i na poh\u00e1ry, kde si sm\u00eds\u00ed ty nelahodn\u011bj\u0161\u00ed chut\u011b.                                                                                                                                                                                                                                                                                                                                                                                                 "},{"@context":"https:\/\/schema.org\/","@type":"BreadcrumbList","itemListElement":[{"@type":"ListItem","position":1,"name":"V\u00edte, \u017ee m\u00e1te narozeniny?","item":"https:\/\/www.djuna.cz\/vite-ze-mate-narozeniny\/#breadcrumbitem"}]}]