[{"@context":"https:\/\/schema.org\/","@type":"Article","@id":"https:\/\/www.djuna.cz\/oslavte-s-kouzelnikem-den-deti\/#Article","mainEntityOfPage":"https:\/\/www.djuna.cz\/oslavte-s-kouzelnikem-den-deti\/","headline":"Oslavte s kouzeln\u00edkem den d\u011bt\u00ed","name":"Oslavte s kouzeln\u00edkem den d\u011bt\u00ed","description":"Vynikaj\u00edc\u00ed a p\u0159itom cenov\u011b dostupn\u00e1 z\u00e1bava pro firemn\u00ed kolektiv? S n\u00e1mi to nen\u00ed nejmen\u0161\u00ed probl\u00e9m. Objednejte si n\u00e1s a p\u0159ijde i, a to zaru\u010den\u011b, nikoliv jen mo\u017en\u00e1. A jak to v\u0161e za\u0159\u00eddit a kde z\u00edskat v\u00edce informac\u00ed? Pod\u00edvejte se na na\u0161e webov\u00e9 str\u00e1nky. Uvid\u00edte, \u017ee toho dok\u00e1\u017eeme mnohem v\u00edce. Jakmile se rozhodnete, \u017ee kouzeln\u00edk je...<p class=\"more-link-wrap\"><a href=\"https:\/\/www.djuna.cz\/oslavte-s-kouzelnikem-den-deti\/\" class=\"more-link\">P\u0159e\u010d\u00edst<span class=\"screen-reader-text\"> &ldquo;Oslavte s kouzeln\u00edkem den d\u011bt\u00ed&rdquo;<\/span> &raquo;<\/a><\/p>","datePublished":"2024-12-22","dateModified":"2024-12-22","author":{"@type":"Person","@id":"https:\/\/www.djuna.cz\/author\/#Person","name":"","url":"https:\/\/www.djuna.cz\/author\/","identifier":1,"image":{"@type":"ImageObject","@id":"https:\/\/secure.gravatar.com\/avatar\/1e120f96477763896a9e7ab3663c076bf8b67ca32fa1a5943b70761da502a7a7?s=96&d=mm&r=g","url":"https:\/\/secure.gravatar.com\/avatar\/1e120f96477763896a9e7ab3663c076bf8b67ca32fa1a5943b70761da502a7a7?s=96&d=mm&r=g","height":96,"width":96}},"publisher":{"@type":"Organization","name":"djuna.cz","logo":{"@type":"ImageObject","@id":"\/logo.png","url":"\/logo.png","width":600,"height":60}},"url":"https:\/\/www.djuna.cz\/oslavte-s-kouzelnikem-den-deti\/","wordCount":177,"articleBody":"Vynikaj\u00edc\u00ed a p\u0159itom cenov\u011b dostupn\u00e1 z\u00e1bava pro firemn\u00ed kolektiv? S n\u00e1mi to nen\u00ed nejmen\u0161\u00ed probl\u00e9m. Objednejte si n\u00e1s a p\u0159ijde i, a to zaru\u010den\u011b, nikoliv jen mo\u017en\u00e1. A jak to v\u0161e za\u0159\u00eddit a kde z\u00edskat v\u00edce informac\u00ed? Pod\u00edvejte se na na\u0161e webov\u00e9 str\u00e1nky. Uvid\u00edte, \u017ee toho dok\u00e1\u017eeme mnohem v\u00edce. Jakmile se rozhodnete, \u017ee kouzeln\u00edk je to prav\u00e9 pro va\u0161e pot\u0159eby, nev\u00e1hejte n\u00e1s kontaktovat a domluv\u00edme se na dal\u0161\u00edch podrobnostech. N\u00e1\u0161 kouzeln\u00edk v\u00e1s jist\u011b nezklame a vy jako \u0161\u00e9f jist\u011b zabodujete se skv\u011ble p\u0159ipraven\u00fdm programem, na kter\u00fd budou va\u0161i zam\u011bstnanci je\u0161t\u011b dlouho a v dobr\u00e9m vzpom\u00ednat. Archiv akc\u00ed Pod\u00edvejte se do di\u00e1\u0159e, kde je jasn\u011b vid\u011bt, jak\u00e9 akce a p\u0159edstaven\u00ed nav\u0161t\u011bvuje n\u00e1\u0161 kouzeln\u00edk. M\u00e1 sice velmi nabit\u00fd pl\u00e1n, ale pro v\u00e1s si \u010das jist\u011b n\u011bkdy najde. T\u011b\u0161\u00edme se na spolupr\u00e1ci.                                                                                                                                                                                                                                                                                                                                                                                                "},{"@context":"https:\/\/schema.org\/","@type":"BreadcrumbList","itemListElement":[{"@type":"ListItem","position":1,"name":"Oslavte s kouzeln\u00edkem den d\u011bt\u00ed","item":"https:\/\/www.djuna.cz\/oslavte-s-kouzelnikem-den-deti\/#breadcrumbitem"}]}]