[{"@context":"https:\/\/schema.org\/","@type":"Article","@id":"https:\/\/www.djuna.cz\/kraska-jako-z-casopisu\/#Article","mainEntityOfPage":"https:\/\/www.djuna.cz\/kraska-jako-z-casopisu\/","headline":"Kr\u00e1ska jako z \u010dasopisu","name":"Kr\u00e1ska jako z \u010dasopisu","description":"Kdo by se n\u011bkdy necht\u011bl c\u00edtit jako kr\u00e1sky z\u00a0m\u00f3dn\u00edch \u010dasopis\u016f, na kter\u00fdch m\u016f\u017eou v\u0161ichni doslova o\u010di nechat? A na\u0161t\u011bst\u00ed se n\u00e1m, jako nev\u011bst\u00e1m, toto p\u0159\u00e1n\u00ed alespo\u0148 jednou spln\u00ed. Pro jedin\u00fd den, budeme tou nejkr\u00e1sn\u011bj\u0161\u00ed a nejd\u016fle\u017eit\u011bj\u0161\u00ed osobou v\u00a0m\u00edstnosti. Pro tento den, si v\u0161ak mus\u00edme nejd\u0159\u00edve vybrat nejkr\u00e1sn\u011bj\u0161\u00ed svatebn\u00ed \u0161aty. Je velmi rozumn\u00e9 se s\u00a0v\u00fdb\u011brem obr\u00e1tit...<p class=\"more-link-wrap\"><a href=\"https:\/\/www.djuna.cz\/kraska-jako-z-casopisu\/\" class=\"more-link\">P\u0159e\u010d\u00edst<span class=\"screen-reader-text\"> &ldquo;Kr\u00e1ska jako z \u010dasopisu&rdquo;<\/span> &raquo;<\/a><\/p>","datePublished":"2024-11-04","dateModified":"2024-11-04","author":{"@type":"Person","@id":"https:\/\/www.djuna.cz\/author\/#Person","name":"","url":"https:\/\/www.djuna.cz\/author\/","identifier":1,"image":{"@type":"ImageObject","@id":"https:\/\/secure.gravatar.com\/avatar\/1e120f96477763896a9e7ab3663c076bf8b67ca32fa1a5943b70761da502a7a7?s=96&d=mm&r=g","url":"https:\/\/secure.gravatar.com\/avatar\/1e120f96477763896a9e7ab3663c076bf8b67ca32fa1a5943b70761da502a7a7?s=96&d=mm&r=g","height":96,"width":96}},"publisher":{"@type":"Organization","name":"djuna.cz","logo":{"@type":"ImageObject","@id":"\/logo.png","url":"\/logo.png","width":600,"height":60}},"url":"https:\/\/www.djuna.cz\/kraska-jako-z-casopisu\/","wordCount":240,"articleBody":"\tKdo by se n\u011bkdy necht\u011bl c\u00edtit jako kr\u00e1sky z\u00a0m\u00f3dn\u00edch \u010dasopis\u016f, na kter\u00fdch m\u016f\u017eou v\u0161ichni doslova o\u010di nechat? A na\u0161t\u011bst\u00ed se n\u00e1m, jako nev\u011bst\u00e1m, toto p\u0159\u00e1n\u00ed alespo\u0148 jednou spln\u00ed. Pro jedin\u00fd den, budeme tou nejkr\u00e1sn\u011bj\u0161\u00ed a nejd\u016fle\u017eit\u011bj\u0161\u00ed osobou v\u00a0m\u00edstnosti. Pro tento den, si v\u0161ak mus\u00edme nejd\u0159\u00edve vybrat nejkr\u00e1sn\u011bj\u0161\u00ed svatebn\u00ed \u0161aty. Je velmi rozumn\u00e9 se s\u00a0v\u00fdb\u011brem obr\u00e1tit na specializovan\u00fd a profesion\u00e1ln\u00ed sal\u00f3n, kde v\u00e1m pomohou. Maj\u00ed cenn\u00e9 zku\u0161enosti a m\u016f\u017eou v\u00e1m tak poradit, kter\u00fd model se bude nejl\u00e9pe hodit k\u00a0va\u0161\u00ed postav\u011b. Nevyb\u00edrejte jen podle fotografi\u00ed, nebo katalogu. V\u0161e si mus\u00edte vyzkou\u0161et!\tKr\u00e1sn\u00e9, a\u017e se v\u0161em zataj\u00ed dechP\u0159esn\u011b tak si p\u0159edstavujete model svatebn\u00edch \u0161at\u016f, kter\u00e9 obl\u00e9knete ve v\u00e1\u0161 nejkr\u00e1sn\u011bj\u0161\u00ed a nejd\u016fle\u017eit\u011bj\u0161\u00ed den. A jeliko\u017e jste se sv\u011b\u0159ila do rukou profesion\u00e1ln\u00edmu sal\u00f3nu, v\u00e1\u0161 v\u00fdb\u011br byl bezchybn\u00fd. Model v\u00e1m perfektn\u011b padne, zd\u016frazn\u00ed va\u0161e p\u0159ednosti a tro\u0161ku zakryje p\u00e1r nedostatk\u016f. P\u0159esn\u011b tak vypad\u00e1 dokonal\u00fd v\u00fdb\u011br. A proto\u017ee jste mu v\u011bnovali dostatek \u010dasu, m\u00e1te i model, kter\u00fd je pohodln\u00fd na no\u0161en\u00ed a nemus\u00edte se na ve\u010der p\u0159evl\u00e9kat.                                                                                                                                                                                                                                                                                                                                                                                                "},{"@context":"https:\/\/schema.org\/","@type":"BreadcrumbList","itemListElement":[{"@type":"ListItem","position":1,"name":"Kr\u00e1ska jako z \u010dasopisu","item":"https:\/\/www.djuna.cz\/kraska-jako-z-casopisu\/#breadcrumbitem"}]}]