[{"@context":"https:\/\/schema.org\/","@type":"Article","@id":"https:\/\/www.djuna.cz\/inspirovali-jsme-se-indiany\/#Article","mainEntityOfPage":"https:\/\/www.djuna.cz\/inspirovali-jsme-se-indiany\/","headline":"Inspirovali jsme se Indi\u00e1ny","name":"Inspirovali jsme se Indi\u00e1ny","description":"I p\u0159esto anebo pr\u00e1v\u011b proto, \u017ee je dne\u0161n\u00ed sv\u011bt a doba velmi usp\u011bchan\u00e1 a hektick\u00e1 a my si nem\u00e1me \u010das odpo\u010dinout, se mnoho z n\u00e1s \u010dasto \u201enud\u00ed\u201c. Nebav\u00ed n\u00e1s chodit do st\u00e1le stejn\u00fdch a zn\u00e1m\u00fdch restaurac\u00ed, j\u00edst neust\u00e1le to stejn\u00e9 j\u00eddlo, poslouchat stejnou muziku apod. My jsme pro V\u00e1s p\u0159ipravili jedine\u010dnou nab\u00eddku inspirovanou americk\u00fdmi Indi\u00e1ny...<p class=\"more-link-wrap\"><a href=\"https:\/\/www.djuna.cz\/inspirovali-jsme-se-indiany\/\" class=\"more-link\">P\u0159e\u010d\u00edst<span class=\"screen-reader-text\"> &ldquo;Inspirovali jsme se Indi\u00e1ny&rdquo;<\/span> &raquo;<\/a><\/p>","datePublished":"2024-12-04","dateModified":"2024-12-04","author":{"@type":"Person","@id":"https:\/\/www.djuna.cz\/author\/#Person","name":"","url":"https:\/\/www.djuna.cz\/author\/","identifier":1,"image":{"@type":"ImageObject","@id":"https:\/\/secure.gravatar.com\/avatar\/1e120f96477763896a9e7ab3663c076bf8b67ca32fa1a5943b70761da502a7a7?s=96&d=mm&r=g","url":"https:\/\/secure.gravatar.com\/avatar\/1e120f96477763896a9e7ab3663c076bf8b67ca32fa1a5943b70761da502a7a7?s=96&d=mm&r=g","height":96,"width":96}},"publisher":{"@type":"Organization","name":"djuna.cz","logo":{"@type":"ImageObject","@id":"\/logo.png","url":"\/logo.png","width":600,"height":60}},"url":"https:\/\/www.djuna.cz\/inspirovali-jsme-se-indiany\/","wordCount":188,"articleBody":"I p\u0159esto anebo pr\u00e1v\u011b proto, \u017ee je dne\u0161n\u00ed sv\u011bt a doba velmi usp\u011bchan\u00e1 a hektick\u00e1 a my si nem\u00e1me \u010das odpo\u010dinout, se mnoho z n\u00e1s \u010dasto \u201enud\u00ed\u201c. Nebav\u00ed n\u00e1s chodit do st\u00e1le stejn\u00fdch a zn\u00e1m\u00fdch restaurac\u00ed, j\u00edst neust\u00e1le to stejn\u00e9 j\u00eddlo, poslouchat stejnou muziku apod. My jsme pro V\u00e1s p\u0159ipravili jedine\u010dnou nab\u00eddku inspirovanou americk\u00fdmi Indi\u00e1ny a jejich obydl\u00edmi. Krom\u011b toho, \u017ee se u n\u00e1s skv\u011ble naj\u00edte a pobav\u00edte, se u n\u00e1s i dob\u0159e vysp\u00edte v na\u0161em hotelu Kol\u00edn.Kon\u011b, vigvam, dobr\u00e1 z\u00e1bavaN\u00e1\u0161 hotel Kol\u00edn je sou\u010d\u00e1st\u00ed na\u0161eho rozs\u00e1hl\u00e9ho komplexu, jemu\u017e dominuje n\u011bkolikametrov\u00fd vigvam &#8211; star\u00e9, typick\u00e9 obydl\u00ed americk\u00fdch Indi\u00e1n\u016f. N\u00e1\u0161 komplex je velmi obl\u00edben\u00fd i proto, \u017ee V\u00e1m krom\u011b klasick\u00fdch restaura\u010dn\u00edch a ubytovac\u00edch slu\u017eeb nab\u00edz\u00ed tak\u00e9 z\u00e1\u017eitkov\u00e9 slu\u017eby, nap\u0159. vyj\u00ed\u017e\u010fky do p\u0159\u00edrody s ko\u0148sk\u00fdm sp\u0159e\u017een\u00edm u\u0161lechtil\u00fdch Lipic\u00e1n\u016f.                                                                                                                                                                                                                                                                                                                                                                                                "},{"@context":"https:\/\/schema.org\/","@type":"BreadcrumbList","itemListElement":[{"@type":"ListItem","position":1,"name":"Inspirovali jsme se Indi\u00e1ny","item":"https:\/\/www.djuna.cz\/inspirovali-jsme-se-indiany\/#breadcrumbitem"}]}]